{"id":1098,"date":"2026-01-26T15:05:10","date_gmt":"2026-01-26T13:05:10","guid":{"rendered":"https:\/\/platform.spark-project.eu\/fra-report-on-political-participation\/"},"modified":"2026-01-26T15:06:19","modified_gmt":"2026-01-26T13:06:19","slug":"fra-report-on-political-participation","status":"publish","type":"post","link":"https:\/\/platform.spark-project.eu\/pl\/fra-report-on-political-participation\/","title":{"rendered":"Raport FRA: Uczestnictwo polityczne os\u00f3b z niepe\u0142nosprawno\u015bciami"},"content":{"rendered":"<p>Raport FRA analizuje prawa os\u00f3b z niepe\u0142nosprawno\u015bciami intelektualnymi i psychospo\u0142ecznymi do g\u0142osowania i kandydowania w wyborach w pa\u0144stwach UE. Pokazuje post\u0119py w dost\u0119pno\u015bci lokali wyborczych i materia\u0142\u00f3w, ale wskazuje na utrzymuj\u0105ce si\u0119 bariery prawne i administracyjne, wzywaj\u0105c do zniesienia ogranicze\u0144 oraz szkolenia w\u0142adz wyborczych.<\/p>","protected":false},"excerpt":{"rendered":"<p>FRA Report on Political Participation: An analysis of the rights of persons with intellectual and psychosocial disabilities to vote and stand for election across the&#8230;<\/p>","protected":false},"author":1,"featured_media":803,"comment_status":"closed","ping_status":"closed","sticky":false,"template":"","format":"standard","meta":{"_acf_changed":false,"_bbp_topic_count":0,"_bbp_reply_count":0,"_bbp_total_topic_count":0,"_bbp_total_reply_count":0,"_bbp_voice_count":0,"_bbp_anonymous_reply_count":0,"_bbp_topic_count_hidden":0,"_bbp_reply_count_hidden":0,"_bbp_forum_subforum_count":0,"footnotes":""},"categories":[21,1],"tags":[],"class_list":["post-1098","post","type-post","status-publish","format-standard","has-post-thumbnail","hentry","category-active-resources","category-uncategorized"],"acf":[],"_links":{"self":[{"href":"https:\/\/platform.spark-project.eu\/pl\/wp-json\/wp\/v2\/posts\/1098","targetHints":{"allow":["GET"]}}],"collection":[{"href":"https:\/\/platform.spark-project.eu\/pl\/wp-json\/wp\/v2\/posts"}],"about":[{"href":"https:\/\/platform.spark-project.eu\/pl\/wp-json\/wp\/v2\/types\/post"}],"author":[{"embeddable":true,"href":"https:\/\/platform.spark-project.eu\/pl\/wp-json\/wp\/v2\/users\/1"}],"replies":[{"embeddable":true,"href":"https:\/\/platform.spark-project.eu\/pl\/wp-json\/wp\/v2\/comments?post=1098"}],"version-history":[{"count":1,"href":"https:\/\/platform.spark-project.eu\/pl\/wp-json\/wp\/v2\/posts\/1098\/revisions"}],"predecessor-version":[{"id":1099,"href":"https:\/\/platform.spark-project.eu\/pl\/wp-json\/wp\/v2\/posts\/1098\/revisions\/1099"}],"wp:featuredmedia":[{"embeddable":true,"href":"https:\/\/platform.spark-project.eu\/pl\/wp-json\/wp\/v2\/media\/803"}],"wp:attachment":[{"href":"https:\/\/platform.spark-project.eu\/pl\/wp-json\/wp\/v2\/media?parent=1098"}],"wp:term":[{"taxonomy":"category","embeddable":true,"href":"https:\/\/platform.spark-project.eu\/pl\/wp-json\/wp\/v2\/categories?post=1098"},{"taxonomy":"post_tag","embeddable":true,"href":"https:\/\/platform.spark-project.eu\/pl\/wp-json\/wp\/v2\/tags?post=1098"}],"curies":[{"name":"wp","href":"https:\/\/api.w.org\/{rel}","templated":true}]}}