{"id":1133,"date":"2026-01-26T16:55:42","date_gmt":"2026-01-26T14:55:42","guid":{"rendered":"https:\/\/platform.spark-project.eu\/fra-political-participation-of-persons-with-disabilities\/"},"modified":"2026-01-26T16:55:42","modified_gmt":"2026-01-26T14:55:42","slug":"fra-political-participation-of-persons-with-disabilities","status":"publish","type":"post","link":"https:\/\/platform.spark-project.eu\/pl\/fra-political-participation-of-persons-with-disabilities\/","title":{"rendered":"FRA \u2013 Uczestnictwo polityczne os\u00f3b z niepe\u0142nosprawno\u015bciami"},"content":{"rendered":"<p>Projekt badawczy Europejskiej Agencji Praw Podstawowych (FRA) analizuje bariery, wyzwania i dobre praktyki zwi\u0105zane z uczestnictwem politycznym os\u00f3b z niepe\u0142nosprawno\u015bciami we wszystkich pa\u0144stwach cz\u0142onkowskich UE. Dostarcza oparte na dowodach spostrze\u017cenia dotycz\u0105ce przeszk\u00f3d prawnych, fizycznych i mentalnych oraz rekomendacje dla reform w\u0142\u0105czaj\u0105cych. Badanie jest bardzo istotne dla SPARK, poniewa\u017c wspiera rekomendacje polityczne danymi por\u00f3wnawczymi z Europy.<\/p>","protected":false},"excerpt":{"rendered":"<p>This research project by the European Union Agency for Fundamental Rights (FRA) examines barriers, challenges, and good practices related to the political participation of persons&#8230;<\/p>","protected":false},"author":1,"featured_media":804,"comment_status":"","ping_status":"","sticky":false,"template":"","format":"standard","meta":{"_acf_changed":false,"_bbp_topic_count":0,"_bbp_reply_count":0,"_bbp_total_topic_count":0,"_bbp_total_reply_count":0,"_bbp_voice_count":0,"_bbp_anonymous_reply_count":0,"_bbp_topic_count_hidden":0,"_bbp_reply_count_hidden":0,"_bbp_forum_subforum_count":0,"footnotes":""},"categories":[21,1],"tags":[],"class_list":["post-1133","post","type-post","status-publish","format-standard","has-post-thumbnail","hentry","category-active-resources","category-uncategorized"],"acf":[],"_links":{"self":[{"href":"https:\/\/platform.spark-project.eu\/pl\/wp-json\/wp\/v2\/posts\/1133","targetHints":{"allow":["GET"]}}],"collection":[{"href":"https:\/\/platform.spark-project.eu\/pl\/wp-json\/wp\/v2\/posts"}],"about":[{"href":"https:\/\/platform.spark-project.eu\/pl\/wp-json\/wp\/v2\/types\/post"}],"author":[{"embeddable":true,"href":"https:\/\/platform.spark-project.eu\/pl\/wp-json\/wp\/v2\/users\/1"}],"replies":[{"embeddable":true,"href":"https:\/\/platform.spark-project.eu\/pl\/wp-json\/wp\/v2\/comments?post=1133"}],"version-history":[{"count":0,"href":"https:\/\/platform.spark-project.eu\/pl\/wp-json\/wp\/v2\/posts\/1133\/revisions"}],"wp:featuredmedia":[{"embeddable":true,"href":"https:\/\/platform.spark-project.eu\/pl\/wp-json\/wp\/v2\/media\/804"}],"wp:attachment":[{"href":"https:\/\/platform.spark-project.eu\/pl\/wp-json\/wp\/v2\/media?parent=1133"}],"wp:term":[{"taxonomy":"category","embeddable":true,"href":"https:\/\/platform.spark-project.eu\/pl\/wp-json\/wp\/v2\/categories?post=1133"},{"taxonomy":"post_tag","embeddable":true,"href":"https:\/\/platform.spark-project.eu\/pl\/wp-json\/wp\/v2\/tags?post=1133"}],"curies":[{"name":"wp","href":"https:\/\/api.w.org\/{rel}","templated":true}]}}