{"id":1138,"date":"2026-01-26T16:59:46","date_gmt":"2026-01-26T14:59:46","guid":{"rendered":"https:\/\/platform.spark-project.eu\/the-right-to-political-participation-for-persons-with-disabilities-human-rights-indicators\/"},"modified":"2026-01-26T16:59:46","modified_gmt":"2026-01-26T14:59:46","slug":"the-right-to-political-participation-for-persons-with-disabilities-human-rights-indicators","status":"publish","type":"post","link":"https:\/\/platform.spark-project.eu\/pl\/the-right-to-political-participation-for-persons-with-disabilities-human-rights-indicators\/","title":{"rendered":"Prawo do uczestnictwa politycznego os\u00f3b z niepe\u0142nosprawno\u015bciami: wska\u017aniki praw cz\u0142owieka"},"content":{"rendered":"<p>Raport FRA: Uczestnictwo polityczne os\u00f3b z niepe\u0142nosprawno\u015bciami<\/p>","protected":false},"excerpt":{"rendered":"<p>Raport FRA: Uczestnictwo polityczne os\u00f3b z niepe\u0142nosprawno\u015bciami<\/p>","protected":false},"author":1,"featured_media":803,"comment_status":"","ping_status":"","sticky":false,"template":"","format":"standard","meta":{"_acf_changed":false,"_bbp_topic_count":0,"_bbp_reply_count":0,"_bbp_total_topic_count":0,"_bbp_total_reply_count":0,"_bbp_voice_count":0,"_bbp_anonymous_reply_count":0,"_bbp_topic_count_hidden":0,"_bbp_reply_count_hidden":0,"_bbp_forum_subforum_count":0,"footnotes":""},"categories":[21,1],"tags":[],"class_list":["post-1138","post","type-post","status-publish","format-standard","has-post-thumbnail","hentry","category-active-resources","category-uncategorized"],"acf":[],"_links":{"self":[{"href":"https:\/\/platform.spark-project.eu\/pl\/wp-json\/wp\/v2\/posts\/1138","targetHints":{"allow":["GET"]}}],"collection":[{"href":"https:\/\/platform.spark-project.eu\/pl\/wp-json\/wp\/v2\/posts"}],"about":[{"href":"https:\/\/platform.spark-project.eu\/pl\/wp-json\/wp\/v2\/types\/post"}],"author":[{"embeddable":true,"href":"https:\/\/platform.spark-project.eu\/pl\/wp-json\/wp\/v2\/users\/1"}],"replies":[{"embeddable":true,"href":"https:\/\/platform.spark-project.eu\/pl\/wp-json\/wp\/v2\/comments?post=1138"}],"version-history":[{"count":0,"href":"https:\/\/platform.spark-project.eu\/pl\/wp-json\/wp\/v2\/posts\/1138\/revisions"}],"wp:featuredmedia":[{"embeddable":true,"href":"https:\/\/platform.spark-project.eu\/pl\/wp-json\/wp\/v2\/media\/803"}],"wp:attachment":[{"href":"https:\/\/platform.spark-project.eu\/pl\/wp-json\/wp\/v2\/media?parent=1138"}],"wp:term":[{"taxonomy":"category","embeddable":true,"href":"https:\/\/platform.spark-project.eu\/pl\/wp-json\/wp\/v2\/categories?post=1138"},{"taxonomy":"post_tag","embeddable":true,"href":"https:\/\/platform.spark-project.eu\/pl\/wp-json\/wp\/v2\/tags?post=1138"}],"curies":[{"name":"wp","href":"https:\/\/api.w.org\/{rel}","templated":true}]}}