{"id":1157,"date":"2026-01-26T17:08:10","date_gmt":"2026-01-26T15:08:10","guid":{"rendered":"https:\/\/platform.spark-project.eu\/critical-thinking-for-inclusive-democracy\/"},"modified":"2026-01-26T17:08:10","modified_gmt":"2026-01-26T15:08:10","slug":"critical-thinking-for-inclusive-democracy","status":"publish","type":"post","link":"https:\/\/platform.spark-project.eu\/pl\/critical-thinking-for-inclusive-democracy\/","title":{"rendered":"Krytyczne my\u015blenie dla w\u0142\u0105czaj\u0105cej demokracji"},"content":{"rendered":"<p>Krytyczne my\u015blenie dla w\u0142\u0105czaj\u0105cej demokracji (Zestaw narz\u0119dzi z \u0107wiczeniami na analiz\u0119 wiadomo\u015bci, wykrywanie stronniczo\u015bci i debatowanie pomys\u0142\u00f3w \u2014 dostosowany do niepe\u0142nosprawno\u015bci psychospo\u0142ecznych poprzez wizualizacje i moderowanie grupowe. Przeznaczony dla pracownik\u00f3w m\u0142odzie\u017cowych szkol\u0105cych m\u0142odych ludzi z wyzwaniami intelektualnymi). <\/p>","protected":false},"excerpt":{"rendered":"<p>Critical Thinking for Inclusive Democracy (Toolkit with exercises on analyzing news, spotting bias, and debating ideas\u2014adapted for psychosocial disabilities via visuals and group facilitation. Targets&#8230;<\/p>","protected":false},"author":1,"featured_media":804,"comment_status":"","ping_status":"","sticky":false,"template":"","format":"standard","meta":{"_acf_changed":false,"_bbp_topic_count":0,"_bbp_reply_count":0,"_bbp_total_topic_count":0,"_bbp_total_reply_count":0,"_bbp_voice_count":0,"_bbp_anonymous_reply_count":0,"_bbp_topic_count_hidden":0,"_bbp_reply_count_hidden":0,"_bbp_forum_subforum_count":0,"footnotes":""},"categories":[21,1],"tags":[],"class_list":["post-1157","post","type-post","status-publish","format-standard","has-post-thumbnail","hentry","category-active-resources","category-uncategorized"],"acf":[],"_links":{"self":[{"href":"https:\/\/platform.spark-project.eu\/pl\/wp-json\/wp\/v2\/posts\/1157","targetHints":{"allow":["GET"]}}],"collection":[{"href":"https:\/\/platform.spark-project.eu\/pl\/wp-json\/wp\/v2\/posts"}],"about":[{"href":"https:\/\/platform.spark-project.eu\/pl\/wp-json\/wp\/v2\/types\/post"}],"author":[{"embeddable":true,"href":"https:\/\/platform.spark-project.eu\/pl\/wp-json\/wp\/v2\/users\/1"}],"replies":[{"embeddable":true,"href":"https:\/\/platform.spark-project.eu\/pl\/wp-json\/wp\/v2\/comments?post=1157"}],"version-history":[{"count":0,"href":"https:\/\/platform.spark-project.eu\/pl\/wp-json\/wp\/v2\/posts\/1157\/revisions"}],"wp:featuredmedia":[{"embeddable":true,"href":"https:\/\/platform.spark-project.eu\/pl\/wp-json\/wp\/v2\/media\/804"}],"wp:attachment":[{"href":"https:\/\/platform.spark-project.eu\/pl\/wp-json\/wp\/v2\/media?parent=1157"}],"wp:term":[{"taxonomy":"category","embeddable":true,"href":"https:\/\/platform.spark-project.eu\/pl\/wp-json\/wp\/v2\/categories?post=1157"},{"taxonomy":"post_tag","embeddable":true,"href":"https:\/\/platform.spark-project.eu\/pl\/wp-json\/wp\/v2\/tags?post=1157"}],"curies":[{"name":"wp","href":"https:\/\/api.w.org\/{rel}","templated":true}]}}