{"id":1108,"date":"2026-01-26T16:14:45","date_gmt":"2026-01-26T14:14:45","guid":{"rendered":"https:\/\/platform.spark-project.eu\/right-to-legal-capacity-for-persons-with-intellectual-and-psychosocial\/"},"modified":"2026-01-26T16:14:45","modified_gmt":"2026-01-26T14:14:45","slug":"right-to-legal-capacity-for-persons-with-intellectual-and-psychosocial","status":"publish","type":"post","link":"https:\/\/platform.spark-project.eu\/pt\/right-to-legal-capacity-for-persons-with-intellectual-and-psychosocial\/","title":{"rendered":"Direito \u00e0 capacidade jur\u00eddica para pessoas com defici\u00eancia intelectual e psicossocial"},"content":{"rendered":"<p>Este documento tem\u00e1tico do Comiss\u00e1rio para os Direitos Humanos do Conselho da Europa defende que as pessoas com defici\u00eancias intelectuais e psicossociais devem gozar de igual capacidade jur\u00eddica em p\u00e9 de igualdade com as outras pessoas, sem serem automaticamente privadas dos seus direitos atrav\u00e9s de sistemas de tutela, e apela a reformas jur\u00eddicas e a quadros de apoio \u00e0 tomada de decis\u00f5es em conformidade com as normas internacionais em mat\u00e9ria de direitos humanos.<\/p>","protected":false},"excerpt":{"rendered":"<p>This Council of Europe Commissioner for Human Rights issue paper argues that persons with intellectual and psychosocial disabilities must enjoy equal legal capacity on an&#8230;<\/p>","protected":false},"author":1,"featured_media":803,"comment_status":"","ping_status":"","sticky":false,"template":"","format":"standard","meta":{"_acf_changed":false,"_bbp_topic_count":0,"_bbp_reply_count":0,"_bbp_total_topic_count":0,"_bbp_total_reply_count":0,"_bbp_voice_count":0,"_bbp_anonymous_reply_count":0,"_bbp_topic_count_hidden":0,"_bbp_reply_count_hidden":0,"_bbp_forum_subforum_count":0,"footnotes":""},"categories":[21,1],"tags":[],"class_list":["post-1108","post","type-post","status-publish","format-standard","has-post-thumbnail","hentry","category-active-resources","category-uncategorized"],"acf":[],"_links":{"self":[{"href":"https:\/\/platform.spark-project.eu\/pt\/wp-json\/wp\/v2\/posts\/1108","targetHints":{"allow":["GET"]}}],"collection":[{"href":"https:\/\/platform.spark-project.eu\/pt\/wp-json\/wp\/v2\/posts"}],"about":[{"href":"https:\/\/platform.spark-project.eu\/pt\/wp-json\/wp\/v2\/types\/post"}],"author":[{"embeddable":true,"href":"https:\/\/platform.spark-project.eu\/pt\/wp-json\/wp\/v2\/users\/1"}],"replies":[{"embeddable":true,"href":"https:\/\/platform.spark-project.eu\/pt\/wp-json\/wp\/v2\/comments?post=1108"}],"version-history":[{"count":0,"href":"https:\/\/platform.spark-project.eu\/pt\/wp-json\/wp\/v2\/posts\/1108\/revisions"}],"wp:featuredmedia":[{"embeddable":true,"href":"https:\/\/platform.spark-project.eu\/pt\/wp-json\/wp\/v2\/media\/803"}],"wp:attachment":[{"href":"https:\/\/platform.spark-project.eu\/pt\/wp-json\/wp\/v2\/media?parent=1108"}],"wp:term":[{"taxonomy":"category","embeddable":true,"href":"https:\/\/platform.spark-project.eu\/pt\/wp-json\/wp\/v2\/categories?post=1108"},{"taxonomy":"post_tag","embeddable":true,"href":"https:\/\/platform.spark-project.eu\/pt\/wp-json\/wp\/v2\/tags?post=1108"}],"curies":[{"name":"wp","href":"https:\/\/api.w.org\/{rel}","templated":true}]}}