{"id":1114,"date":"2026-01-26T16:41:28","date_gmt":"2026-01-26T14:41:28","guid":{"rendered":"https:\/\/platform.spark-project.eu\/the-eu-strategy-for-the-rights-of-persons-with-disabilities-2021-2030\/"},"modified":"2026-01-26T16:41:28","modified_gmt":"2026-01-26T14:41:28","slug":"the-eu-strategy-for-the-rights-of-persons-with-disabilities-2021-2030","status":"publish","type":"post","link":"https:\/\/platform.spark-project.eu\/pt\/the-eu-strategy-for-the-rights-of-persons-with-disabilities-2021-2030\/","title":{"rendered":"A Estrat\u00e9gia da UE para os Direitos das Pessoas com Defici\u00eancia 2021-2030"},"content":{"rendered":"<p>A Estrat\u00e9gia da UE para os Direitos das Pessoas com Defici\u00eancia 2021-2030 \u00e9 um plano decenal para promover a igualdade, a inclus\u00e3o e a plena participa\u00e7\u00e3o das pessoas com defici\u00eancia em toda a Uni\u00e3o Europeia. Apoia a implementa\u00e7\u00e3o da Conven\u00e7\u00e3o das Na\u00e7\u00f5es Unidas sobre os Direitos das Pessoas com Defici\u00eancia. A estrat\u00e9gia centra-se na melhoria da acessibilidade, do emprego, da educa\u00e7\u00e3o, da vida independente e da prote\u00e7\u00e3o contra a discrimina\u00e7\u00e3o. Orienta a a\u00e7\u00e3o da UE e acompanha os progressos no sentido da igualdade de direitos at\u00e9 2030.<\/p>","protected":false},"excerpt":{"rendered":"<p>The EU Strategy for the Rights of Persons with Disabilities 2021-2030 is a ten-year plan to promote equality, inclusion and full participation of persons with&#8230;<\/p>","protected":false},"author":1,"featured_media":804,"comment_status":"","ping_status":"","sticky":false,"template":"","format":"standard","meta":{"_acf_changed":false,"_bbp_topic_count":0,"_bbp_reply_count":0,"_bbp_total_topic_count":0,"_bbp_total_reply_count":0,"_bbp_voice_count":0,"_bbp_anonymous_reply_count":0,"_bbp_topic_count_hidden":0,"_bbp_reply_count_hidden":0,"_bbp_forum_subforum_count":0,"footnotes":""},"categories":[21,1],"tags":[],"class_list":["post-1114","post","type-post","status-publish","format-standard","has-post-thumbnail","hentry","category-active-resources","category-uncategorized"],"acf":[],"_links":{"self":[{"href":"https:\/\/platform.spark-project.eu\/pt\/wp-json\/wp\/v2\/posts\/1114","targetHints":{"allow":["GET"]}}],"collection":[{"href":"https:\/\/platform.spark-project.eu\/pt\/wp-json\/wp\/v2\/posts"}],"about":[{"href":"https:\/\/platform.spark-project.eu\/pt\/wp-json\/wp\/v2\/types\/post"}],"author":[{"embeddable":true,"href":"https:\/\/platform.spark-project.eu\/pt\/wp-json\/wp\/v2\/users\/1"}],"replies":[{"embeddable":true,"href":"https:\/\/platform.spark-project.eu\/pt\/wp-json\/wp\/v2\/comments?post=1114"}],"version-history":[{"count":0,"href":"https:\/\/platform.spark-project.eu\/pt\/wp-json\/wp\/v2\/posts\/1114\/revisions"}],"wp:featuredmedia":[{"embeddable":true,"href":"https:\/\/platform.spark-project.eu\/pt\/wp-json\/wp\/v2\/media\/804"}],"wp:attachment":[{"href":"https:\/\/platform.spark-project.eu\/pt\/wp-json\/wp\/v2\/media?parent=1114"}],"wp:term":[{"taxonomy":"category","embeddable":true,"href":"https:\/\/platform.spark-project.eu\/pt\/wp-json\/wp\/v2\/categories?post=1114"},{"taxonomy":"post_tag","embeddable":true,"href":"https:\/\/platform.spark-project.eu\/pt\/wp-json\/wp\/v2\/tags?post=1114"}],"curies":[{"name":"wp","href":"https:\/\/api.w.org\/{rel}","templated":true}]}}