{"id":1121,"date":"2026-01-26T16:47:07","date_gmt":"2026-01-26T14:47:07","guid":{"rendered":"https:\/\/platform.spark-project.eu\/enhancing-active-citizenship-for-persons-with-psychosocial-disabilities\/"},"modified":"2026-01-26T16:47:07","modified_gmt":"2026-01-26T14:47:07","slug":"enhancing-active-citizenship-for-persons-with-psychosocial-disabilities","status":"publish","type":"post","link":"https:\/\/platform.spark-project.eu\/pt\/enhancing-active-citizenship-for-persons-with-psychosocial-disabilities\/","title":{"rendered":"Promover a cidadania ativa das pessoas com defici\u00eancias psicossociais"},"content":{"rendered":"<p>Este artigo explora a quest\u00e3o das defici\u00eancias psicossociais em rela\u00e7\u00e3o \u00e0 cidadania ativa. Come\u00e7amos com uma vis\u00e3o geral da forma como a sa\u00fade mental e a cidadania t\u00eam sido concebidas nos estudos das ci\u00eancias sociais. Em seguida, esbo\u00e7amos as recentes mudan\u00e7as sociais que tiveram um impacto consider\u00e1vel na perce\u00e7\u00e3o das defici\u00eancias psicossociais na sociedade contempor\u00e2nea. Por fim, discutimos o papel do Estado no apoio \u00e0 cidadania ativa das pessoas com defici\u00eancias psicossociais.<\/p>","protected":false},"excerpt":{"rendered":"<p>This article explores the issue of psychosocial disabilities in relation to active citizenship. We start with a general overview of the way mental health and&#8230;<\/p>","protected":false},"author":1,"featured_media":803,"comment_status":"","ping_status":"","sticky":false,"template":"","format":"standard","meta":{"_acf_changed":false,"_bbp_topic_count":0,"_bbp_reply_count":0,"_bbp_total_topic_count":0,"_bbp_total_reply_count":0,"_bbp_voice_count":0,"_bbp_anonymous_reply_count":0,"_bbp_topic_count_hidden":0,"_bbp_reply_count_hidden":0,"_bbp_forum_subforum_count":0,"footnotes":""},"categories":[21,1],"tags":[],"class_list":["post-1121","post","type-post","status-publish","format-standard","has-post-thumbnail","hentry","category-active-resources","category-uncategorized"],"acf":[],"_links":{"self":[{"href":"https:\/\/platform.spark-project.eu\/pt\/wp-json\/wp\/v2\/posts\/1121","targetHints":{"allow":["GET"]}}],"collection":[{"href":"https:\/\/platform.spark-project.eu\/pt\/wp-json\/wp\/v2\/posts"}],"about":[{"href":"https:\/\/platform.spark-project.eu\/pt\/wp-json\/wp\/v2\/types\/post"}],"author":[{"embeddable":true,"href":"https:\/\/platform.spark-project.eu\/pt\/wp-json\/wp\/v2\/users\/1"}],"replies":[{"embeddable":true,"href":"https:\/\/platform.spark-project.eu\/pt\/wp-json\/wp\/v2\/comments?post=1121"}],"version-history":[{"count":0,"href":"https:\/\/platform.spark-project.eu\/pt\/wp-json\/wp\/v2\/posts\/1121\/revisions"}],"wp:featuredmedia":[{"embeddable":true,"href":"https:\/\/platform.spark-project.eu\/pt\/wp-json\/wp\/v2\/media\/803"}],"wp:attachment":[{"href":"https:\/\/platform.spark-project.eu\/pt\/wp-json\/wp\/v2\/media?parent=1121"}],"wp:term":[{"taxonomy":"category","embeddable":true,"href":"https:\/\/platform.spark-project.eu\/pt\/wp-json\/wp\/v2\/categories?post=1121"},{"taxonomy":"post_tag","embeddable":true,"href":"https:\/\/platform.spark-project.eu\/pt\/wp-json\/wp\/v2\/tags?post=1121"}],"curies":[{"name":"wp","href":"https:\/\/api.w.org\/{rel}","templated":true}]}}