{"id":1133,"date":"2026-01-26T16:55:42","date_gmt":"2026-01-26T14:55:42","guid":{"rendered":"https:\/\/platform.spark-project.eu\/fra-political-participation-of-persons-with-disabilities\/"},"modified":"2026-01-26T16:55:42","modified_gmt":"2026-01-26T14:55:42","slug":"fra-political-participation-of-persons-with-disabilities","status":"publish","type":"post","link":"https:\/\/platform.spark-project.eu\/pt\/fra-political-participation-of-persons-with-disabilities\/","title":{"rendered":"FRA \u2013 Participa\u00e7\u00e3o Pol\u00edtica das Pessoas com Defici\u00eancia"},"content":{"rendered":"<p>Este projeto de investiga\u00e7\u00e3o da Ag\u00eancia dos Direitos Fundamentais da Uni\u00e3o Europeia (FRA) analisa as barreiras, os desafios e as boas pr\u00e1ticas relacionadas com a participa\u00e7\u00e3o pol\u00edtica das pessoas com defici\u00eancia nos Estados-Membros da UE. Fornece informa\u00e7\u00f5es baseadas em dados concretos sobre os obst\u00e1culos legais, f\u00edsicos e comportamentais, bem como recomenda\u00e7\u00f5es para reformas inclusivas. A investiga\u00e7\u00e3o \u00e9 altamente relevante para o SPARK, uma vez que apoia recomenda\u00e7\u00f5es pol\u00edticas com dados comparativos europeus.<\/p>","protected":false},"excerpt":{"rendered":"<p>This research project by the European Union Agency for Fundamental Rights (FRA) examines barriers, challenges, and good practices related to the political participation of persons&#8230;<\/p>","protected":false},"author":1,"featured_media":804,"comment_status":"","ping_status":"","sticky":false,"template":"","format":"standard","meta":{"_acf_changed":false,"_bbp_topic_count":0,"_bbp_reply_count":0,"_bbp_total_topic_count":0,"_bbp_total_reply_count":0,"_bbp_voice_count":0,"_bbp_anonymous_reply_count":0,"_bbp_topic_count_hidden":0,"_bbp_reply_count_hidden":0,"_bbp_forum_subforum_count":0,"footnotes":""},"categories":[21,1],"tags":[],"class_list":["post-1133","post","type-post","status-publish","format-standard","has-post-thumbnail","hentry","category-active-resources","category-uncategorized"],"acf":[],"_links":{"self":[{"href":"https:\/\/platform.spark-project.eu\/pt\/wp-json\/wp\/v2\/posts\/1133","targetHints":{"allow":["GET"]}}],"collection":[{"href":"https:\/\/platform.spark-project.eu\/pt\/wp-json\/wp\/v2\/posts"}],"about":[{"href":"https:\/\/platform.spark-project.eu\/pt\/wp-json\/wp\/v2\/types\/post"}],"author":[{"embeddable":true,"href":"https:\/\/platform.spark-project.eu\/pt\/wp-json\/wp\/v2\/users\/1"}],"replies":[{"embeddable":true,"href":"https:\/\/platform.spark-project.eu\/pt\/wp-json\/wp\/v2\/comments?post=1133"}],"version-history":[{"count":0,"href":"https:\/\/platform.spark-project.eu\/pt\/wp-json\/wp\/v2\/posts\/1133\/revisions"}],"wp:featuredmedia":[{"embeddable":true,"href":"https:\/\/platform.spark-project.eu\/pt\/wp-json\/wp\/v2\/media\/804"}],"wp:attachment":[{"href":"https:\/\/platform.spark-project.eu\/pt\/wp-json\/wp\/v2\/media?parent=1133"}],"wp:term":[{"taxonomy":"category","embeddable":true,"href":"https:\/\/platform.spark-project.eu\/pt\/wp-json\/wp\/v2\/categories?post=1133"},{"taxonomy":"post_tag","embeddable":true,"href":"https:\/\/platform.spark-project.eu\/pt\/wp-json\/wp\/v2\/tags?post=1133"}],"curies":[{"name":"wp","href":"https:\/\/api.w.org\/{rel}","templated":true}]}}