{"id":1151,"date":"2026-01-26T17:05:52","date_gmt":"2026-01-26T15:05:52","guid":{"rendered":"https:\/\/platform.spark-project.eu\/the-eu-strategy-for-the-rights-of-persons-with-disabilities-2021-2030-2\/"},"modified":"2026-01-26T17:05:52","modified_gmt":"2026-01-26T15:05:52","slug":"the-eu-strategy-for-the-rights-of-persons-with-disabilities-2021-2030-2","status":"publish","type":"post","link":"https:\/\/platform.spark-project.eu\/pt\/the-eu-strategy-for-the-rights-of-persons-with-disabilities-2021-2030-2\/","title":{"rendered":"A Estrat\u00e9gia da UE para os Direitos das Pessoas com Defici\u00eancia 2021-2030"},"content":{"rendered":"<p>Estrat\u00e9gia Europeia para a Defici\u00eancia 2021-2030 (Quadro que integra a forma\u00e7\u00e3o em literacia medi\u00e1tica para capacitar as pessoas com defici\u00eancias psicossociais\/intelectuais nos processos democr\u00e1ticos).<\/p>","protected":false},"excerpt":{"rendered":"<p>Estrat\u00e9gia Europeia para a Defici\u00eancia 2021-2030 (Quadro que integra a forma\u00e7\u00e3o em literacia medi\u00e1tica para capacitar as pessoas com defici\u00eancias psicossociais\/intelectuais nos processos democr\u00e1ticos).<\/p>","protected":false},"author":1,"featured_media":803,"comment_status":"","ping_status":"","sticky":false,"template":"","format":"standard","meta":{"_acf_changed":false,"_bbp_topic_count":0,"_bbp_reply_count":0,"_bbp_total_topic_count":0,"_bbp_total_reply_count":0,"_bbp_voice_count":0,"_bbp_anonymous_reply_count":0,"_bbp_topic_count_hidden":0,"_bbp_reply_count_hidden":0,"_bbp_forum_subforum_count":0,"footnotes":""},"categories":[21,1],"tags":[],"class_list":["post-1151","post","type-post","status-publish","format-standard","has-post-thumbnail","hentry","category-active-resources","category-uncategorized"],"acf":[],"_links":{"self":[{"href":"https:\/\/platform.spark-project.eu\/pt\/wp-json\/wp\/v2\/posts\/1151","targetHints":{"allow":["GET"]}}],"collection":[{"href":"https:\/\/platform.spark-project.eu\/pt\/wp-json\/wp\/v2\/posts"}],"about":[{"href":"https:\/\/platform.spark-project.eu\/pt\/wp-json\/wp\/v2\/types\/post"}],"author":[{"embeddable":true,"href":"https:\/\/platform.spark-project.eu\/pt\/wp-json\/wp\/v2\/users\/1"}],"replies":[{"embeddable":true,"href":"https:\/\/platform.spark-project.eu\/pt\/wp-json\/wp\/v2\/comments?post=1151"}],"version-history":[{"count":0,"href":"https:\/\/platform.spark-project.eu\/pt\/wp-json\/wp\/v2\/posts\/1151\/revisions"}],"wp:featuredmedia":[{"embeddable":true,"href":"https:\/\/platform.spark-project.eu\/pt\/wp-json\/wp\/v2\/media\/803"}],"wp:attachment":[{"href":"https:\/\/platform.spark-project.eu\/pt\/wp-json\/wp\/v2\/media?parent=1151"}],"wp:term":[{"taxonomy":"category","embeddable":true,"href":"https:\/\/platform.spark-project.eu\/pt\/wp-json\/wp\/v2\/categories?post=1151"},{"taxonomy":"post_tag","embeddable":true,"href":"https:\/\/platform.spark-project.eu\/pt\/wp-json\/wp\/v2\/tags?post=1151"}],"curies":[{"name":"wp","href":"https:\/\/api.w.org\/{rel}","templated":true}]}}